[{"@context":"https:\/\/schema.org\/","@type":"Article","@id":"https:\/\/www.stalex.cz\/dovolena-s-mazlickem\/#Article","mainEntityOfPage":"https:\/\/www.stalex.cz\/dovolena-s-mazlickem\/","headline":"Dovolen\u00e1 s mazl\u00ed\u010dkem","name":"Dovolen\u00e1 s mazl\u00ed\u010dkem","description":"Dovolen\u00e1 s dom\u00e1c\u00edm mazl\u00ed\u010dkem? Vz\u00edt ho sebou, nebo mu rad\u011bji naj\u00edt m\u00edsto, kde p\u0159e\u010dk\u00e1, ne\u017e se vr\u00e1t\u00edte?\u00a0L\u00e9to u\u017e n\u00e1m klepe [&hellip;]","datePublished":"2022-12-08","dateModified":"2023-06-08","author":{"@type":"Person","@id":"https:\/\/www.stalex.cz\/author\/#Person","name":"","url":"https:\/\/www.stalex.cz\/author\/","identifier":1,"image":{"@type":"ImageObject","@id":"https:\/\/secure.gravatar.com\/avatar\/4b051168bd2ace843d503d3432ebc4a96ac13303845197b3f2a2634cb21029f6?s=96&d=mm&r=g","url":"https:\/\/secure.gravatar.com\/avatar\/4b051168bd2ace843d503d3432ebc4a96ac13303845197b3f2a2634cb21029f6?s=96&d=mm&r=g","height":96,"width":96}},"publisher":{"@type":"Organization","name":"stalex.cz","logo":{"@type":"ImageObject","@id":"\/logo.png","url":"\/logo.png","width":600,"height":60}},"image":{"@type":"ImageObject","@id":"https:\/\/www.stalex.cz\/wp-content\/uploads\/pexels-jacub-gomez-1143005.jpg","url":"https:\/\/www.stalex.cz\/wp-content\/uploads\/pexels-jacub-gomez-1143005.jpg","height":0,"width":0},"url":"https:\/\/www.stalex.cz\/dovolena-s-mazlickem\/","about":["Dovolen\u00e1"],"wordCount":447,"articleBody":"Dovolen\u00e1 s dom\u00e1c\u00edm mazl\u00ed\u010dkem? Vz\u00edt ho sebou, nebo mu rad\u011bji naj\u00edt m\u00edsto, kde p\u0159e\u010dk\u00e1, ne\u017e se vr\u00e1t\u00edte?\u00a0L\u00e9to u\u017e n\u00e1m klepe na dve\u0159e a s n\u00edm je tu i pl\u00e1novan\u00e1 dovolen\u00e1, kone\u010dn\u011b si budete moci odpo\u010dinout. No a pro v\u00e1s je tu velk\u00e1 \u017eivotn\u00ed ot\u00e1zka. Jet na dovolenou s dom\u00e1c\u00edm mazl\u00ed\u010dkem? Nebo je pro n\u011bho lep\u0161\u00ed mu za\u0159\u00eddit na tu dobu co budete pry\u010d kvalitn\u00ed hl\u00edd\u00e1n\u00ed? Tak, jak tak si to budete muset v\u0161echno do p\u0159edu napl\u00e1novat. Pokud nech\u00e1te mazl\u00ed\u010dka doma, tak budete muset zajistit opravdu kvalitn\u00ed hl\u00edd\u00e1n\u00ed, aby se v\u00e1\u0161 mazl\u00ed\u010dek m\u011bl po dobu va\u0161\u00ed nep\u0159\u00edtomnosti stejn\u011b dob\u0159e jako s v\u00e1mi. Ono taky n\u011bkdy z\u00e1le\u017e\u00ed, jak\u00e9 zv\u00ed\u0159e vlastn\u00edte. T\u0159eba u takov\u00fdch ps\u016f, nen\u00ed cestov\u00e1n\u00ed velk\u00fd probl\u00e9m, obzvl\u00e1\u0161t\u011b pokud jsou men\u0161\u00edho vzr\u016fstu. D\u00e1le byste si m\u011bli hned na za\u010d\u00e1tku zjistit, zda do dan\u00e9 destinace, do kter\u00e9 se chyst\u00e1te je povoleno m\u00edt dom\u00e1c\u00ed mazl\u00ed\u010dky. Jestli to teda nebude probl\u00e9m? I kdy\u017e se to m\u016f\u017ee zd\u00e1t, tak v dne\u0161n\u00ed dob\u011b to samoz\u0159ejmost\u00ed nen\u00ed a n\u011bkter\u00e9 resorty prost\u011b zv\u00ed\u0159ata odm\u00edtaj\u00ed. Taky kdy\u017e budete m\u00edt na dovolen\u00e9 mazl\u00ed\u010dka, tak si budete podle n\u011bj muset za\u0159\u00eddit i program. Tak \u017ee jak vid\u00edte, ur\u010dit\u011b to nebude jednoduch\u00e9 a m\u011bli byste se na to opravdu p\u0159ipravit a nenech\u00e1vat to na posledn\u00ed chv\u00edli.\u00a0Dal\u0161\u00ed d\u016fle\u017eitou v\u011bc\u00ed je m\u00edt v\u0161echno s mazl\u00ed\u010dkem v po\u0159\u00e1dku, tak \u017ee si ur\u010dit\u011b zkontrolujte posledn\u00ed n\u00e1v\u0161t\u011bvu veterin\u00e1\u0159e a zda je mazl\u00ed\u010dek o\u010dkovan\u00fd, nebo zda m\u00e1 t\u0159eba n\u011bjak\u00fd doklad na vycestov\u00e1n\u00ed, tak \u017ee ur\u010dit\u011b si za\u0159i\u010fte petpassport, kter\u00fd v\u00e1m umo\u017en\u00ed vycestovat s dom\u00e1c\u00edm p\u0159\u00edtelem za hranice. Taky ne do v\u0161ech zem\u00ed si m\u016f\u017eete mazl\u00ed\u010dka p\u0159iv\u00e9zt, tak \u017ee je\u0161t\u011b p\u0159ed odjezdem si zkontrolujte, zda do dan\u00e9 zem\u011b m\u016f\u017eete se sv\u00fdm mazl\u00ed\u010dkem p\u0159icestovat. N\u011bkde to m\u016f\u017ee b\u00fdt opravdu probl\u00e9m. To sam\u00e9 byste si m\u011bly zjistit jak je na tom st\u00e1t s o\u010dkov\u00e1n\u00ed, vzteklina je samoz\u0159ejmost\u00ed, ale n\u011bkter\u00e9 st\u00e1ty taky mohou vy\u017eadovat je\u0161t\u011b n\u011bjak\u00e9 dopl\u0148kov\u00e9 o\u010dkov\u00e1n\u00ed, kter\u00e9 tady u n\u00e1s t\u0159eba nen\u00ed povinn\u00e9.\u00a0                                                                                                                                                                                                                                                                                                                                                                                        4.4\/5 - (8 votes)        "},{"@context":"https:\/\/schema.org\/","@type":"BreadcrumbList","itemListElement":[{"@type":"ListItem","position":1,"name":"Dovolen\u00e1 s mazl\u00ed\u010dkem","item":"https:\/\/www.stalex.cz\/dovolena-s-mazlickem\/#breadcrumbitem"}]}]