[{"@context":"https:\/\/schema.org\/","@type":"Article","@id":"https:\/\/www.stalex.cz\/mam-rada-italii\/#Article","mainEntityOfPage":"https:\/\/www.stalex.cz\/mam-rada-italii\/","headline":"M\u00e1m r\u00e1da It\u00e1lii","name":"M\u00e1m r\u00e1da It\u00e1lii","description":"Poka\u017ed\u00e9, kdy\u017e jsem m\u011bla v pr\u00e1ci volno, tak jsem se t\u011b\u0161ila na dovolenou. Ani nev\u00edte, jak jsem se v\u017edycky t\u011b\u0161ila, [&hellip;]","datePublished":"2022-11-18","dateModified":"2023-04-25","author":{"@type":"Person","@id":"https:\/\/www.stalex.cz\/author\/#Person","name":"","url":"https:\/\/www.stalex.cz\/author\/","identifier":1,"image":{"@type":"ImageObject","@id":"https:\/\/secure.gravatar.com\/avatar\/4b051168bd2ace843d503d3432ebc4a96ac13303845197b3f2a2634cb21029f6?s=96&d=mm&r=g","url":"https:\/\/secure.gravatar.com\/avatar\/4b051168bd2ace843d503d3432ebc4a96ac13303845197b3f2a2634cb21029f6?s=96&d=mm&r=g","height":96,"width":96}},"publisher":{"@type":"Organization","name":"stalex.cz","logo":{"@type":"ImageObject","@id":"\/logo.png","url":"\/logo.png","width":600,"height":60}},"image":{"@type":"ImageObject","@id":"https:\/\/www.stalex.cz\/wp-content\/uploads\/bubbles-230014_960_720.jpg","url":"https:\/\/www.stalex.cz\/wp-content\/uploads\/bubbles-230014_960_720.jpg","height":0,"width":0},"url":"https:\/\/www.stalex.cz\/mam-rada-italii\/","about":["Dovolen\u00e1"],"wordCount":417,"articleBody":"Poka\u017ed\u00e9, kdy\u017e jsem m\u011bla v pr\u00e1ci volno, tak jsem se t\u011b\u0161ila na dovolenou. Ani nev\u00edte, jak jsem se v\u017edycky t\u011b\u0161ila, kdy\u017e mi moje kamar\u00e1dka napsala, \u017ee m\u00e1 zrovna t\u00fdden dovolen\u00e9, tak\u017ee by cht\u011bla j\u00edt n\u011bkam na dovolenou. A ne zrovna sama ani s p\u0159\u00edtelem, ale cht\u011bla jet se mnou. My jsme s kamar\u00e1dkou takov\u00e1 opravdu ak\u010dn\u00ed dvojka, kdy st\u00e1le chod\u00edme ven spolu se n\u011bkam bavit. Je to\u00a0takov\u00e1\u00a0z\u00e1bava, \u017ee si to ani nikdo nedok\u00e1\u017ee\u00a0p\u0159edstavit. \u0158eknu v\u00e1m, \u017ee jsme opravdu nerozlu\u010dn\u00e9, tak\u017ee tr\u00e1v\u00edme spolu jak v\u0161echny sv\u00e1tky, tak tak\u00e9 dovolen\u00e9 anebo chod\u00edme k sob\u011b velice \u010dasto na n\u00e1v\u0161t\u011bvy. N\u011bkdy si \u0159\u00edk\u00e1m, \u017ee jsme snad siamsk\u00e1 dvoj\u010data. Samoz\u0159ejm\u011b to tak ale nen\u00ed, ale opravdu moc si rozum\u00edme, \u017ee a\u017e to nen\u00ed mo\u017en\u00e9. Proto tak\u00e9 jsme jely minul\u00fd rok na dovolenou spolu. Jeli jsme na dva t\u00fddny do It\u00e1lie. A do It\u00e1lie hlavn\u011b kv\u016fli tomu, \u017ee je to na\u0161e nejobl\u00edben\u011bj\u0161\u00ed\u00a0destinace. A kdy\u017e jsem se takhle ptala v\u0161ech lid\u00ed okolo, tak my sami \u0159ekli, \u017ee oni nejrad\u011bji jezd\u00ed tak\u00e9 do It\u00e1lie, proto\u017ee It\u00e1lie je pr\u00fd takov\u00e1 velice romantick\u00e1. A nav\u00edc m\u00e1m tak\u00e9 opravdu spoustu p\u0159\u00e1tel, kte\u0159\u00ed mluv\u00ed pr\u00e1v italsky, tak\u017ee v\u017edy vyu\u017eij\u00ed toho, \u017ee si v It\u00e1lii alespo\u0148 popov\u00eddaj\u00ed v ital\u0161tin\u011b. Abych pravdu \u0159ekla, tak je to pravda, proto\u017ee kdy\u017e jsem na dovolen\u00e9 v It\u00e1lii, a to hlavn\u011b v \u0158\u00edm\u011b, tak si tak\u00e9 moc r\u00e1da popov\u00edd\u00e1m italsky. Italsky se u\u010d\u00edm t\u0159i roky a mus\u00edm uznat, \u017ee je to velice kr\u00e1sn\u011b a jednoduch\u00fd jazyk, \u017ee by se tohle mohl nau\u010dit opravdu ka\u017ed\u00fd. A\u00a0jak\u00a0jste na tom vy s ciz\u00edmi\u00a0jazyk? Kdy\u017e jedete na dovolenou,\u00a0vyu\u017eijete\u00a0toho,\u00a0\u017ee zn\u00e1te n\u011bjak\u00fd jazyk a pou\u017e\u00edv\u00e1te ho?\u00a0Je\u0161t\u011b\u00a0moc r\u00e1da\u00a0jezd\u00edm na\u00a0dovolenou do Anglie, kde si popov\u00edd\u00e1m anglicky, co\u017e\u00a0m\u011b\u00a0jde\u00a0v\u00e1\u017en\u011b\u00a0skv\u011ble a bav\u00ed m\u011b to. J\u00e1 sama jsem byla v\u017edycky takov\u00e1, \u017ee m\u011b bavilo jezdit\u00a0hlavn\u011b na dovolenou tam, kde si popov\u00edd\u00e1m. Tak\u017ee anglick\u00e1 a italsk\u00e1 m\u011bsta byla pro m\u011b v\u017edy ta nejv\u00edce vhodn\u00e1.\u00a0                                                                                                                                                                                                                                                                                                                                                                                        3.7\/5 - (10 votes)        "},{"@context":"https:\/\/schema.org\/","@type":"BreadcrumbList","itemListElement":[{"@type":"ListItem","position":1,"name":"M\u00e1m r\u00e1da It\u00e1lii","item":"https:\/\/www.stalex.cz\/mam-rada-italii\/#breadcrumbitem"}]}]