[{"@context":"https:\/\/schema.org\/","@type":"Article","@id":"https:\/\/www.stalex.cz\/modni-kratasy\/#Article","mainEntityOfPage":"https:\/\/www.stalex.cz\/modni-kratasy\/","headline":"M\u00f3dn\u00ed kra\u0165asy","name":"M\u00f3dn\u00ed kra\u0165asy","description":"Jak pro mu\u017ee, tak i pro \u017eeny jsou na letn\u00ed dny vhodn\u00e9 kra\u0165asy. Dnes se skute\u010dn\u011b prod\u00e1vaj\u00ed jak v\u00a0p\u00e1nsk\u00e9m tak [&hellip;]","datePublished":"2022-07-23","dateModified":"2022-07-23","author":{"@type":"Person","@id":"https:\/\/www.stalex.cz\/author\/#Person","name":"","url":"https:\/\/www.stalex.cz\/author\/","identifier":1,"image":{"@type":"ImageObject","@id":"https:\/\/secure.gravatar.com\/avatar\/4b051168bd2ace843d503d3432ebc4a96ac13303845197b3f2a2634cb21029f6?s=96&d=mm&r=g","url":"https:\/\/secure.gravatar.com\/avatar\/4b051168bd2ace843d503d3432ebc4a96ac13303845197b3f2a2634cb21029f6?s=96&d=mm&r=g","height":96,"width":96}},"publisher":{"@type":"Organization","name":"stalex.cz","logo":{"@type":"ImageObject","@id":"\/logo.png","url":"\/logo.png","width":600,"height":60}},"image":{"@type":"ImageObject","@id":"https:\/\/www.stalex.cz\/wp-content\/uploads\/kra%C5%A5.png","url":"https:\/\/www.stalex.cz\/wp-content\/uploads\/kra%C5%A5.png","height":0,"width":0},"url":"https:\/\/www.stalex.cz\/modni-kratasy\/","about":["M\u00f3da"],"wordCount":455,"articleBody":"Jak pro mu\u017ee, tak i pro \u017eeny jsou na letn\u00ed dny vhodn\u00e9 kra\u0165asy. Dnes se skute\u010dn\u011b prod\u00e1vaj\u00ed jak v\u00a0p\u00e1nsk\u00e9m tak i v\u00a0d\u00e1msk\u00e9m proveden\u00ed a to dokonce z\u00a0r\u016fzn\u00fdch materi\u00e1l\u016f.\u00a0Je mo\u017en\u00e9 setkat se s\u00a0kra\u0165asy jak z\u00a0tepl\u00e1kov\u00e9ho materi\u00e1lu, tak i z\u00a0d\u017e\u00ednov\u00e9ho materi\u00e1lu. Je tedy na dan\u00e9m \u010dlov\u011bku, co pro n\u011bj bude p\u0159\u00edjemn\u011bj\u0161\u00ed.\u00a0Ur\u010dit\u011b jste si v\u0161imli i toho, \u017ee st\u0159ih\u016f takov\u00fdch kra\u0165as je dnes mnoho. N\u011bkter\u00e9 st\u0159ihy jsou rozhodn\u011b vhodnou volbou, ale jsou i takov\u00e9, kter\u00e9 vhodnou volbou nejsou a to ani pro mu\u017ee, ani pro \u017eeny.Jist\u011b jste si na mlad\u00fdch d\u00edvk\u00e1ch v\u0161imli kra\u0165as, ze kter\u00fdch jim jde kolikr\u00e1t vid\u011bt zadek. N\u011bco takov\u00e9ho rozhodn\u011b nen\u00ed vhodn\u00e9. Pokud byste v\u00a0n\u011bjak\u00e9m obchod\u011b na n\u011bco takov\u00e9ho narazili, rozhodn\u011b si n\u011bco takov\u00e9ho nekupujte, proto\u017ee je to tak akor\u00e1t na ostudu, kterou jist\u011b m\u00edt nechcete.Daj\u00ed se sehnat kra\u0165asy v\u00a0mnohem del\u0161\u00edch d\u00e9lk\u00e1ch, ne\u017e pod zadek a pr\u00e1v\u011b po t\u011bch by se m\u011bli lid\u00e9 d\u00edvat. Ide\u00e1ln\u00ed jsou kra\u0165asy, kter\u00e9 maj\u00ed d\u00e9lku do poloviny stehen. N\u011bco takov\u00e9ho je pro \u017eeny v\u00edce ne\u017e vhodn\u00e9. Co se t\u00fdk\u00e1 p\u00e1n\u016f, pro ty jsou ide\u00e1ln\u00ed kra\u0165asy, kter\u00e9 kon\u010d\u00ed t\u011bsn\u011b nad koleny.\u00a0Ur\u010dit\u011b se i v\u00e1m poda\u0159\u00ed v\u00a0obchodech sehnat n\u011bco, co by v\u00e1m mohlo sed\u011bt. Opravdu si ale na n\u011bkter\u00e9 kousky dejte pozor, proto\u017ee pokud byste s\u00a0n\u011b\u010d\u00edm takov\u00fdm p\u0159i\u0161li nap\u0159\u00edklad do pr\u00e1ce, rozhodn\u011b byste t\u00edm dob\u0159e neud\u011blali.\u00a0Kra\u0165asy jsou n\u011bco, co by m\u011bl m\u00edt ve sv\u00e9 sk\u0159\u00edni ka\u017ed\u00fd. Ide\u00e1ln\u00ed je, pokud m\u00e1te alespo\u0148 troje kra\u0165as\u016f. Nikdy nev\u00edte, kdy se v\u00e1m budou hodit.\u00a0Jsou \u017eeny, kter\u00e9 dokonce kra\u0165asy up\u0159ednostn\u00ed p\u0159ed sukn\u011bmi, proto\u017ee jsou pro n\u011b pohodln\u011bj\u0161\u00ed.Hodn\u011b je to o tom, co je ka\u017ed\u00e9mu z\u00a0n\u00e1s pohodln\u00e9. Jsou nap\u0159\u00edklad lid\u00e9, kte\u0159\u00ed nenos\u00ed t\u00edlka, proto\u017ee se v\u00a0n\u011b\u010dem takov\u00e9m nec\u00edt\u00ed. Nem\u016f\u017eeme to m\u00edt dan\u00e9mu \u010dlov\u011bku za zl\u00e9, proto\u017ee je d\u016fle\u017eit\u00e9, aby skute\u010dn\u011b nosil jen to, v\u00a0\u010dem se mu bude dob\u0159e pohybovat.\u00a0M\u011bjte i vy jen to, v\u00a0\u010dem se budete opravdu c\u00edtit. Je to d\u016fle\u017eit\u00e9 a to zejm\u00e9na pro v\u00e1s.\u00a0\u00a0\u00a0\u00a0\u00a0\u00a0\u00a0                                                                                                                                                                                                                                                                                                                                                                                         4.3\/5 - (7 votes)        "},{"@context":"https:\/\/schema.org\/","@type":"BreadcrumbList","itemListElement":[{"@type":"ListItem","position":1,"name":"M\u00f3dn\u00ed kra\u0165asy","item":"https:\/\/www.stalex.cz\/modni-kratasy\/#breadcrumbitem"}]}]