[{"@context":"https:\/\/schema.org\/","@type":"Article","@id":"https:\/\/www.stalex.cz\/primo-i-neprimo\/#Article","mainEntityOfPage":"https:\/\/www.stalex.cz\/primo-i-neprimo\/","headline":"P\u0159\u00edmo i nep\u0159\u00edmo","name":"P\u0159\u00edmo i nep\u0159\u00edmo","description":"P\u0159\u00edm\u00e1 ochrana p\u0159ed \u0161kodliv\u00fdm slune\u010dn\u00edm z\u00e1\u0159en\u00edm je samoz\u0159ejm\u011b od\u011bv, pokr\u00fdvky hlavy, zast\u00edn\u011bn\u00ed hol\u00e9 k\u016f\u017ee. M\u00e1lokdo si ale uv\u011bdomuje, \u017ee i [&hellip;]","datePublished":"2025-01-06","dateModified":"2025-01-06","author":{"@type":"Person","@id":"https:\/\/www.stalex.cz\/author\/#Person","name":"","url":"https:\/\/www.stalex.cz\/author\/","identifier":1,"image":{"@type":"ImageObject","@id":"https:\/\/secure.gravatar.com\/avatar\/4b051168bd2ace843d503d3432ebc4a96ac13303845197b3f2a2634cb21029f6?s=96&d=mm&r=g","url":"https:\/\/secure.gravatar.com\/avatar\/4b051168bd2ace843d503d3432ebc4a96ac13303845197b3f2a2634cb21029f6?s=96&d=mm&r=g","height":96,"width":96}},"publisher":{"@type":"Organization","name":"stalex.cz","logo":{"@type":"ImageObject","@id":"\/logo.png","url":"\/logo.png","width":600,"height":60}},"url":"https:\/\/www.stalex.cz\/primo-i-neprimo\/","wordCount":185,"articleBody":"P\u0159\u00edm\u00e1 ochrana p\u0159ed \u0161kodliv\u00fdm slune\u010dn\u00edm z\u00e1\u0159en\u00edm je samoz\u0159ejm\u011b od\u011bv, pokr\u00fdvky hlavy, zast\u00edn\u011bn\u00ed hol\u00e9 k\u016f\u017ee. M\u00e1lokdo si ale uv\u011bdomuje, \u017ee i odra\u017een\u00e9 nep\u0159\u00edm\u00e9 z\u00e1\u0159en\u00ed je potenci\u00e1ln\u011b nebezpe\u010dn\u00e9. Jsme zvykl\u00ed se chr\u00e1nit p\u0159ed p\u0159\u00edm\u00fdm slune\u010dn\u00edm z\u00e1\u0159en\u00edm, ale \u010dasto podce\u0148ujeme nep\u0159\u00edm\u00e9, p\u0159itom nen\u00ed o nic nebezpe\u010dn\u011bj\u0161\u00ed. Je to jako kulka, vyst\u0159elen\u00e1 ze zbran\u011b. Nemus\u00ed v\u00e1s p\u0159\u00edmo trefit, sta\u010d\u00ed, kdy\u017e se odraz\u00ed od n\u011b\u010deho tvrd\u00e9ho a zas\u00e1hne v\u00e1s. Je to \u010dasto skoro stejn\u00e9, jako p\u0159\u00edm\u00fd z\u00e1sah. Jak se chr\u00e1nit Obecn\u011b lze \u0159\u00edci, \u017ee je vhodn\u00e1 vlastn\u011b jak\u00e1koliv st\u00edn\u00edc\u00ed technika, kter\u00e1 je k m\u00e1n\u00ed. Jde jen o to, kter\u00e9mu druhu d\u00e1me p\u0159ednost. N\u011bkter\u00e9 zp\u016fsoby i tepeln\u011b izoluj\u00ed, jin\u00e9 dovoluj\u00ed voln\u00e9 proud\u011bn\u00ed vzduchu, jin\u00e9 jsou vhodn\u00e9 i jako estetick\u00e9 dopl\u0148ky byt\u016f. Jde jen o to, jakou m\u00e1me p\u0159edstavu a podle toho si vybrat.                                                                                                                                                                                                                                                                                                                                                                                        3.7\/5 - (3 votes)        "},{"@context":"https:\/\/schema.org\/","@type":"BreadcrumbList","itemListElement":[{"@type":"ListItem","position":1,"name":"P\u0159\u00edmo i nep\u0159\u00edmo","item":"https:\/\/www.stalex.cz\/primo-i-neprimo\/#breadcrumbitem"}]}]